{"id":2251,"date":"2024-11-11T10:53:01","date_gmt":"2024-11-11T13:53:01","guid":{"rendered":"https:\/\/aliancaagricola.com.br\/?p=2251"},"modified":"2025-02-25T22:42:29","modified_gmt":"2025-02-26T01:42:29","slug":"casca-de-soja-peletizada","status":"publish","type":"post","link":"https:\/\/aliancaagricola.com.br\/en\/2024\/11\/11\/casca-de-soja-peletizada\/","title":{"rendered":"Soybean"},"content":{"rendered":"<p>A casca de soja \u00e9 um subproduto da extra\u00e7\u00e3o de \u00f3leo de soja, rica em fibra e altamente digest\u00edvel, ideal para complementar a dieta de ruminantes e melhorar a sa\u00fade digestiva dos animais.<\/p>\n\n\n\n<p><strong>Package:<\/strong><br>Bulk product.<\/p>\n\n\n\n<p><strong>Transportation:<\/strong><\/p>\n\n\n\n<p>A Alian\u00e7a Agr\u00edcola do Cerrado disponibiliza o transporte rodovi\u00e1rio nas modalidades CIF (Cost Insurance Freight) e FOB (Free on Board). Os ve\u00edculos contratados pela Alian\u00e7a passam por uma rigorosa inspe\u00e7\u00e3o para garantir o transporte de qualidade dos nossos produtos.<\/p>\n\n\n\n<p><strong>Applications:<\/strong><\/p>\n\n\n\n<p>Used as an ingredient in the production of feed for cattle, pigs, horses and goats.<\/p>\n\n\n\n<p><strong>Expiration:<\/strong><br>120 dias a partir da data de fabrica\u00e7\u00e3o, sob condi\u00e7\u00f5es adequadas de armazenagem.<\/p>\n\n\n\n<p><strong>Storage:<\/strong><br>Must be stored in a clean place free of moisture, free of pests, protected from sunlight and at room temperature. Do not store together with other grains and cereals and chemicals.<\/p>\n\n\n<div class=\"wp-block-image\">\n<figure class=\"aligncenter size-full is-resized\"><img fetchpriority=\"high\" decoding=\"async\" width=\"581\" height=\"385\" src=\"https:\/\/aliancaagricola.com.br\/wp-content\/uploads\/2024\/11\/image-1.png\" alt=\"\" class=\"wp-image-2252\" style=\"aspect-ratio:1;width:759px;height:auto\" srcset=\"https:\/\/aliancaagricola.com.br\/wp-content\/uploads\/2024\/11\/image-1.png 581w, https:\/\/aliancaagricola.com.br\/wp-content\/uploads\/2024\/11\/image-1-18x12.png 18w\" sizes=\"(max-width: 581px) 100vw, 581px\" \/><\/figure>\n<\/div>","protected":false},"excerpt":{"rendered":"<p>A casca de soja \u00e9 um subproduto da extra\u00e7\u00e3o de \u00f3leo de soja, rica em fibra e altamente digest\u00edvel, ideal para complementar a dieta de ruminantes e melhorar a sa\u00fade digestiva dos animais. Embalagem:Dispon\u00edvel a granel. Transporte: A Alian\u00e7a Agr\u00edcola do Cerrado disponibiliza o transporte rodovi\u00e1rio nas modalidades CIF (Cost Insurance Freight) e FOB (Free &hellip; <\/p>\n<p class=\"link-more\"><a href=\"https:\/\/aliancaagricola.com.br\/en\/2024\/11\/11\/casca-de-soja-peletizada\/\" class=\"more-link\">Continue reading<span class=\"screen-reader-text\"> &#8220;Casca de Soja&#8221;<\/span><\/a><\/p>","protected":false},"author":6,"featured_media":2272,"comment_status":"open","ping_status":"open","sticky":false,"template":"","format":"standard","meta":{"footnotes":""},"categories":[8],"tags":[],"class_list":["post-2251","post","type-post","status-publish","format-standard","has-post-thumbnail","hentry","category-produtos","entry"],"_links":{"self":[{"href":"https:\/\/aliancaagricola.com.br\/en\/wp-json\/wp\/v2\/posts\/2251","targetHints":{"allow":["GET"]}}],"collection":[{"href":"https:\/\/aliancaagricola.com.br\/en\/wp-json\/wp\/v2\/posts"}],"about":[{"href":"https:\/\/aliancaagricola.com.br\/en\/wp-json\/wp\/v2\/types\/post"}],"author":[{"embeddable":true,"href":"https:\/\/aliancaagricola.com.br\/en\/wp-json\/wp\/v2\/users\/6"}],"replies":[{"embeddable":true,"href":"https:\/\/aliancaagricola.com.br\/en\/wp-json\/wp\/v2\/comments?post=2251"}],"version-history":[{"count":3,"href":"https:\/\/aliancaagricola.com.br\/en\/wp-json\/wp\/v2\/posts\/2251\/revisions"}],"predecessor-version":[{"id":2624,"href":"https:\/\/aliancaagricola.com.br\/en\/wp-json\/wp\/v2\/posts\/2251\/revisions\/2624"}],"wp:featuredmedia":[{"embeddable":true,"href":"https:\/\/aliancaagricola.com.br\/en\/wp-json\/wp\/v2\/media\/2272"}],"wp:attachment":[{"href":"https:\/\/aliancaagricola.com.br\/en\/wp-json\/wp\/v2\/media?parent=2251"}],"wp:term":[{"taxonomy":"category","embeddable":true,"href":"https:\/\/aliancaagricola.com.br\/en\/wp-json\/wp\/v2\/categories?post=2251"},{"taxonomy":"post_tag","embeddable":true,"href":"https:\/\/aliancaagricola.com.br\/en\/wp-json\/wp\/v2\/tags?post=2251"}],"curies":[{"name":"wp","href":"https:\/\/api.w.org\/{rel}","templated":true}]}}